{"id":10834,"date":"2023-12-01T12:28:40","date_gmt":"2023-12-01T11:28:40","guid":{"rendered":"https:\/\/www.palazzoscammacca.it\/?p=10834"},"modified":"2024-11-14T19:37:37","modified_gmt":"2024-11-14T18:37:37","slug":"les-couleurs-de-la-pluie-jean-pierre-chnavel","status":"publish","type":"post","link":"https:\/\/www.palazzoscammacca.it\/it\/les-couleurs-de-la-pluie-jean-pierre-chnavel\/","title":{"rendered":"Les Couleurs de la Pluie Jean-Pierre Chnavel"},"content":{"rendered":"<p>&nbsp;<\/p>\n<h3 style=\"text-align: center;\"><b>Les Couleurs de la Pluie | Jean-Pierre Chonavel<br \/>\n1 dicembre 2023 &#8211; 7 gennaio 2024<\/b><\/h3>\n<h3 style=\"text-align: center;\">Palazzo Scammacca del Murgo<\/h3>\n<p style=\"text-align: center;\"><strong>\u00a0<\/strong><\/p>\n<p>&nbsp;<\/p>\n<p><img fetchpriority=\"high\" decoding=\"async\" class=\"size-full wp-image-10858 alignright\" src=\"https:\/\/www.palazzoscammacca.it\/wp-content\/uploads\/2023\/12\/mostra-les-couleurs.png\" alt=\"\" width=\"394\" height=\"595\" srcset=\"https:\/\/www.palazzoscammacca.it\/wp-content\/uploads\/2023\/12\/mostra-les-couleurs.png 394w, https:\/\/www.palazzoscammacca.it\/wp-content\/uploads\/2023\/12\/mostra-les-couleurs-199x300.png 199w\" sizes=\"(max-width: 394px) 100vw, 394px\" \/><\/p>\n<p>Venerd\u00ec 1 dicembre 2023 alle ore 18.00 presso la sede di Palazzo Scammacca di Catania, s\u2019inaugura la mostra fotografica Les Couleurs de la Pluie, di Jean-Pierre Chonavel, fotografo francese che vive a Parigi e che ha seguito una carriera professionale a met\u00e0 tra il convenzionale e l\u2019artistico, con lunghi soggiorni all\u2019estero.<\/p>\n<p>Le fotografie esposte, di grande formato, ritraggono immagini di vita quotidiana sulle strade di Parigi nei giorni di pioggia. Sono la luce e la pioggia che, combinate con la struttura del terreno, evocano una materia e propongono una visione diversa, che ciascuno collega alla propria immaginazione.<\/p>\n<p>I riflessi multicolore consegnano figure che si muovono in un paesaggio impalpabile, in cui le distanze e le dimensioni divengono paradossali.<br \/>\nLe fotografie assumono i caratteri della pittura neoimpressionista e lo spettatore si ritrova immerso in un\u2019atmosfera sognante, in una realt\u00e0 a tratti enigmatica, di fronte alla quale cerca di trovare delle corrispondenze tra mondo oggettivo e sensazioni soggettive.<\/p>\n<p>Per J.P. Chonavel la strada \u00e8 una finestra sul mondo, dove la quotidianit\u00e0 pu\u00f2 trasformarsi in emozione. \u00c8 per questo che la citt\u00e0 diviene il palcoscenico perfetto per i suoi scatti, un luogo di osservazione e di sorpresa permanente, dove le scene pi\u00f9 comuni possono assumere una dimensione particolare per via di un dettaglio o di un&#8217;associazione di idee o di una composizione fugace che crea l&#8217;emozione.<\/p>\n<p>Un momento, una coincidenza di persone e di luce che non saranno mai pi\u00f9 esattamente le stesse. Alcuni scatti della mostra sono tra le fotografie finaliste di Lens Culture Street Photography Award 2021.<\/p>\n","protected":false},"excerpt":{"rendered":"<p>&nbsp; Les Couleurs de la Pluie | Jean-Pierre Chonavel 1 dicembre 2023 &#8211; 7 gennaio 2024 Palazzo Scammacca del Murgo \u00a0 &nbsp; Venerd\u00ec 1 dicembre 2023 alle ore 18.00 presso la sede di Palazzo Scammacca di Catania, s\u2019inaugura la mostra fotografica Les Couleurs de la Pluie, di Jean-Pierre Chonavel, fotografo francese che vive a Parigi [&hellip;]<\/p>\n","protected":false},"author":2,"featured_media":10864,"comment_status":"closed","ping_status":"closed","sticky":false,"template":"","format":"standard","meta":{"footnotes":""},"categories":[112],"tags":[],"class_list":["post-10834","post","type-post","status-publish","format-standard","has-post-thumbnail","hentry","category-mostre"],"yoast_head":"<!-- This site is optimized with the Yoast SEO plugin v27.1.1 - https:\/\/yoast.com\/product\/yoast-seo-wordpress\/ -->\n<title>Les Couleurs de la Pluie Jean-Pierre Chnavel - Palazzo Scammacca del Murgo<\/title>\n<meta name=\"description\" content=\"Venerd\u00ec 01.12.2023 presso la sede di Palazzo Scammacca di Catania, si inaugura la mostra fotografica Les Couleurs de la Pluie, di Jean-Pierre.\" \/>\n<meta name=\"robots\" content=\"index, follow, max-snippet:-1, max-image-preview:large, max-video-preview:-1\" \/>\n<link rel=\"canonical\" href=\"https:\/\/www.palazzoscammacca.it\/it\/les-couleurs-de-la-pluie-jean-pierre-chnavel\/\" \/>\n<meta property=\"og:locale\" content=\"it_IT\" \/>\n<meta property=\"og:type\" content=\"article\" \/>\n<meta property=\"og:title\" content=\"Les Couleurs de la Pluie Jean-Pierre Chnavel - Palazzo Scammacca del Murgo\" \/>\n<meta property=\"og:description\" content=\"Venerd\u00ec 01.12.2023 presso la sede di Palazzo Scammacca di Catania, si inaugura la mostra fotografica Les Couleurs de la Pluie, di Jean-Pierre.\" \/>\n<meta property=\"og:url\" content=\"https:\/\/www.palazzoscammacca.it\/it\/les-couleurs-de-la-pluie-jean-pierre-chnavel\/\" \/>\n<meta property=\"og:site_name\" content=\"Palazzo Scammacca del Murgo\" \/>\n<meta property=\"article:published_time\" content=\"2023-12-01T11:28:40+00:00\" \/>\n<meta property=\"article:modified_time\" content=\"2024-11-14T18:37:37+00:00\" \/>\n<meta property=\"og:image\" content=\"https:\/\/www.palazzoscammacca.it\/wp-content\/uploads\/2024\/01\/mostra-fotografica.png\" \/>\n\t<meta property=\"og:image:width\" content=\"995\" \/>\n\t<meta property=\"og:image:height\" content=\"630\" \/>\n\t<meta property=\"og:image:type\" content=\"image\/png\" \/>\n<meta name=\"author\" content=\"Palazzo Scammacca\" \/>\n<meta name=\"twitter:card\" content=\"summary_large_image\" \/>\n<meta name=\"twitter:label1\" content=\"Scritto da\" \/>\n\t<meta name=\"twitter:data1\" content=\"Palazzo Scammacca\" \/>\n\t<meta name=\"twitter:label2\" content=\"Tempo di lettura stimato\" \/>\n\t<meta name=\"twitter:data2\" content=\"2 minuti\" \/>\n<script type=\"application\/ld+json\" class=\"yoast-schema-graph\">{\"@context\":\"https:\/\/schema.org\",\"@graph\":[{\"@type\":\"Article\",\"@id\":\"https:\/\/www.palazzoscammacca.it\/it\/les-couleurs-de-la-pluie-jean-pierre-chnavel\/#article\",\"isPartOf\":{\"@id\":\"https:\/\/www.palazzoscammacca.it\/it\/les-couleurs-de-la-pluie-jean-pierre-chnavel\/\"},\"author\":{\"name\":\"Palazzo Scammacca\",\"@id\":\"https:\/\/www.palazzoscammacca.it\/it\/#\/schema\/person\/68cc1ca480e75e015b92b08a072c0d50\"},\"headline\":\"Les Couleurs de la Pluie Jean-Pierre Chnavel\",\"datePublished\":\"2023-12-01T11:28:40+00:00\",\"dateModified\":\"2024-11-14T18:37:37+00:00\",\"mainEntityOfPage\":{\"@id\":\"https:\/\/www.palazzoscammacca.it\/it\/les-couleurs-de-la-pluie-jean-pierre-chnavel\/\"},\"wordCount\":280,\"publisher\":{\"@id\":\"https:\/\/www.palazzoscammacca.it\/it\/#organization\"},\"image\":{\"@id\":\"https:\/\/www.palazzoscammacca.it\/it\/les-couleurs-de-la-pluie-jean-pierre-chnavel\/#primaryimage\"},\"thumbnailUrl\":\"https:\/\/www.palazzoscammacca.it\/wp-content\/uploads\/2024\/01\/mostra-fotografica.png\",\"articleSection\":[\"Mostre\"],\"inLanguage\":\"it-IT\"},{\"@type\":\"WebPage\",\"@id\":\"https:\/\/www.palazzoscammacca.it\/it\/les-couleurs-de-la-pluie-jean-pierre-chnavel\/\",\"url\":\"https:\/\/www.palazzoscammacca.it\/it\/les-couleurs-de-la-pluie-jean-pierre-chnavel\/\",\"name\":\"Les Couleurs de la Pluie Jean-Pierre Chnavel - Palazzo Scammacca del Murgo\",\"isPartOf\":{\"@id\":\"https:\/\/www.palazzoscammacca.it\/it\/#website\"},\"primaryImageOfPage\":{\"@id\":\"https:\/\/www.palazzoscammacca.it\/it\/les-couleurs-de-la-pluie-jean-pierre-chnavel\/#primaryimage\"},\"image\":{\"@id\":\"https:\/\/www.palazzoscammacca.it\/it\/les-couleurs-de-la-pluie-jean-pierre-chnavel\/#primaryimage\"},\"thumbnailUrl\":\"https:\/\/www.palazzoscammacca.it\/wp-content\/uploads\/2024\/01\/mostra-fotografica.png\",\"datePublished\":\"2023-12-01T11:28:40+00:00\",\"dateModified\":\"2024-11-14T18:37:37+00:00\",\"description\":\"Venerd\u00ec 01.12.2023 presso la sede di Palazzo Scammacca di Catania, si inaugura la mostra fotografica Les Couleurs de la Pluie, di Jean-Pierre.\",\"breadcrumb\":{\"@id\":\"https:\/\/www.palazzoscammacca.it\/it\/les-couleurs-de-la-pluie-jean-pierre-chnavel\/#breadcrumb\"},\"inLanguage\":\"it-IT\",\"potentialAction\":[{\"@type\":\"ReadAction\",\"target\":[\"https:\/\/www.palazzoscammacca.it\/it\/les-couleurs-de-la-pluie-jean-pierre-chnavel\/\"]}]},{\"@type\":\"ImageObject\",\"inLanguage\":\"it-IT\",\"@id\":\"https:\/\/www.palazzoscammacca.it\/it\/les-couleurs-de-la-pluie-jean-pierre-chnavel\/#primaryimage\",\"url\":\"https:\/\/www.palazzoscammacca.it\/wp-content\/uploads\/2024\/01\/mostra-fotografica.png\",\"contentUrl\":\"https:\/\/www.palazzoscammacca.it\/wp-content\/uploads\/2024\/01\/mostra-fotografica.png\",\"width\":995,\"height\":630,\"caption\":\"Mostra Les Couleurs | Palazzo Scammacca - Catania\"},{\"@type\":\"BreadcrumbList\",\"@id\":\"https:\/\/www.palazzoscammacca.it\/it\/les-couleurs-de-la-pluie-jean-pierre-chnavel\/#breadcrumb\",\"itemListElement\":[{\"@type\":\"ListItem\",\"position\":1,\"name\":\"Home\",\"item\":\"https:\/\/www.palazzoscammacca.it\/it\/\"},{\"@type\":\"ListItem\",\"position\":2,\"name\":\"Les Couleurs de la Pluie Jean-Pierre Chnavel\"}]},{\"@type\":\"WebSite\",\"@id\":\"https:\/\/www.palazzoscammacca.it\/it\/#website\",\"url\":\"https:\/\/www.palazzoscammacca.it\/it\/\",\"name\":\"Palazzo Scammacca del Murgo\",\"description\":\"Raffinate Camere e Appartamenti in Catania\",\"publisher\":{\"@id\":\"https:\/\/www.palazzoscammacca.it\/it\/#organization\"},\"potentialAction\":[{\"@type\":\"SearchAction\",\"target\":{\"@type\":\"EntryPoint\",\"urlTemplate\":\"https:\/\/www.palazzoscammacca.it\/it\/?s={search_term_string}\"},\"query-input\":{\"@type\":\"PropertyValueSpecification\",\"valueRequired\":true,\"valueName\":\"search_term_string\"}}],\"inLanguage\":\"it-IT\"},{\"@type\":\"Organization\",\"@id\":\"https:\/\/www.palazzoscammacca.it\/it\/#organization\",\"name\":\"Palazzo Scammacca del Murgo\",\"url\":\"https:\/\/www.palazzoscammacca.it\/it\/\",\"logo\":{\"@type\":\"ImageObject\",\"inLanguage\":\"it-IT\",\"@id\":\"https:\/\/www.palazzoscammacca.it\/it\/#\/schema\/logo\/image\/\",\"url\":\"https:\/\/www.palazzoscammacca.it\/wp-content\/uploads\/2022\/10\/logo-murgo.jpg\",\"contentUrl\":\"https:\/\/www.palazzoscammacca.it\/wp-content\/uploads\/2022\/10\/logo-murgo.jpg\",\"width\":400,\"height\":380,\"caption\":\"Palazzo Scammacca del Murgo\"},\"image\":{\"@id\":\"https:\/\/www.palazzoscammacca.it\/it\/#\/schema\/logo\/image\/\"}},{\"@type\":\"Person\",\"@id\":\"https:\/\/www.palazzoscammacca.it\/it\/#\/schema\/person\/68cc1ca480e75e015b92b08a072c0d50\",\"name\":\"Palazzo Scammacca\",\"sameAs\":[\"https:\/\/www.palazzoscammacca.it\"],\"url\":\"https:\/\/www.palazzoscammacca.it\/it\/author\/palazzo\/\"}]}<\/script>\n<!-- \/ Yoast SEO plugin. -->","yoast_head_json":{"title":"Les Couleurs de la Pluie Jean-Pierre Chnavel - Palazzo Scammacca del Murgo","description":"Venerd\u00ec 01.12.2023 presso la sede di Palazzo Scammacca di Catania, si inaugura la mostra fotografica Les Couleurs de la Pluie, di Jean-Pierre.","robots":{"index":"index","follow":"follow","max-snippet":"max-snippet:-1","max-image-preview":"max-image-preview:large","max-video-preview":"max-video-preview:-1"},"canonical":"https:\/\/www.palazzoscammacca.it\/it\/les-couleurs-de-la-pluie-jean-pierre-chnavel\/","og_locale":"it_IT","og_type":"article","og_title":"Les Couleurs de la Pluie Jean-Pierre Chnavel - Palazzo Scammacca del Murgo","og_description":"Venerd\u00ec 01.12.2023 presso la sede di Palazzo Scammacca di Catania, si inaugura la mostra fotografica Les Couleurs de la Pluie, di Jean-Pierre.","og_url":"https:\/\/www.palazzoscammacca.it\/it\/les-couleurs-de-la-pluie-jean-pierre-chnavel\/","og_site_name":"Palazzo Scammacca del Murgo","article_published_time":"2023-12-01T11:28:40+00:00","article_modified_time":"2024-11-14T18:37:37+00:00","og_image":[{"width":995,"height":630,"url":"https:\/\/www.palazzoscammacca.it\/wp-content\/uploads\/2024\/01\/mostra-fotografica.png","type":"image\/png"}],"author":"Palazzo Scammacca","twitter_card":"summary_large_image","twitter_misc":{"Scritto da":"Palazzo Scammacca","Tempo di lettura stimato":"2 minuti"},"schema":{"@context":"https:\/\/schema.org","@graph":[{"@type":"Article","@id":"https:\/\/www.palazzoscammacca.it\/it\/les-couleurs-de-la-pluie-jean-pierre-chnavel\/#article","isPartOf":{"@id":"https:\/\/www.palazzoscammacca.it\/it\/les-couleurs-de-la-pluie-jean-pierre-chnavel\/"},"author":{"name":"Palazzo Scammacca","@id":"https:\/\/www.palazzoscammacca.it\/it\/#\/schema\/person\/68cc1ca480e75e015b92b08a072c0d50"},"headline":"Les Couleurs de la Pluie Jean-Pierre Chnavel","datePublished":"2023-12-01T11:28:40+00:00","dateModified":"2024-11-14T18:37:37+00:00","mainEntityOfPage":{"@id":"https:\/\/www.palazzoscammacca.it\/it\/les-couleurs-de-la-pluie-jean-pierre-chnavel\/"},"wordCount":280,"publisher":{"@id":"https:\/\/www.palazzoscammacca.it\/it\/#organization"},"image":{"@id":"https:\/\/www.palazzoscammacca.it\/it\/les-couleurs-de-la-pluie-jean-pierre-chnavel\/#primaryimage"},"thumbnailUrl":"https:\/\/www.palazzoscammacca.it\/wp-content\/uploads\/2024\/01\/mostra-fotografica.png","articleSection":["Mostre"],"inLanguage":"it-IT"},{"@type":"WebPage","@id":"https:\/\/www.palazzoscammacca.it\/it\/les-couleurs-de-la-pluie-jean-pierre-chnavel\/","url":"https:\/\/www.palazzoscammacca.it\/it\/les-couleurs-de-la-pluie-jean-pierre-chnavel\/","name":"Les Couleurs de la Pluie Jean-Pierre Chnavel - Palazzo Scammacca del Murgo","isPartOf":{"@id":"https:\/\/www.palazzoscammacca.it\/it\/#website"},"primaryImageOfPage":{"@id":"https:\/\/www.palazzoscammacca.it\/it\/les-couleurs-de-la-pluie-jean-pierre-chnavel\/#primaryimage"},"image":{"@id":"https:\/\/www.palazzoscammacca.it\/it\/les-couleurs-de-la-pluie-jean-pierre-chnavel\/#primaryimage"},"thumbnailUrl":"https:\/\/www.palazzoscammacca.it\/wp-content\/uploads\/2024\/01\/mostra-fotografica.png","datePublished":"2023-12-01T11:28:40+00:00","dateModified":"2024-11-14T18:37:37+00:00","description":"Venerd\u00ec 01.12.2023 presso la sede di Palazzo Scammacca di Catania, si inaugura la mostra fotografica Les Couleurs de la Pluie, di Jean-Pierre.","breadcrumb":{"@id":"https:\/\/www.palazzoscammacca.it\/it\/les-couleurs-de-la-pluie-jean-pierre-chnavel\/#breadcrumb"},"inLanguage":"it-IT","potentialAction":[{"@type":"ReadAction","target":["https:\/\/www.palazzoscammacca.it\/it\/les-couleurs-de-la-pluie-jean-pierre-chnavel\/"]}]},{"@type":"ImageObject","inLanguage":"it-IT","@id":"https:\/\/www.palazzoscammacca.it\/it\/les-couleurs-de-la-pluie-jean-pierre-chnavel\/#primaryimage","url":"https:\/\/www.palazzoscammacca.it\/wp-content\/uploads\/2024\/01\/mostra-fotografica.png","contentUrl":"https:\/\/www.palazzoscammacca.it\/wp-content\/uploads\/2024\/01\/mostra-fotografica.png","width":995,"height":630,"caption":"Mostra Les Couleurs | Palazzo Scammacca - Catania"},{"@type":"BreadcrumbList","@id":"https:\/\/www.palazzoscammacca.it\/it\/les-couleurs-de-la-pluie-jean-pierre-chnavel\/#breadcrumb","itemListElement":[{"@type":"ListItem","position":1,"name":"Home","item":"https:\/\/www.palazzoscammacca.it\/it\/"},{"@type":"ListItem","position":2,"name":"Les Couleurs de la Pluie Jean-Pierre Chnavel"}]},{"@type":"WebSite","@id":"https:\/\/www.palazzoscammacca.it\/it\/#website","url":"https:\/\/www.palazzoscammacca.it\/it\/","name":"Palazzo Scammacca del Murgo","description":"Raffinate Camere e Appartamenti in Catania","publisher":{"@id":"https:\/\/www.palazzoscammacca.it\/it\/#organization"},"potentialAction":[{"@type":"SearchAction","target":{"@type":"EntryPoint","urlTemplate":"https:\/\/www.palazzoscammacca.it\/it\/?s={search_term_string}"},"query-input":{"@type":"PropertyValueSpecification","valueRequired":true,"valueName":"search_term_string"}}],"inLanguage":"it-IT"},{"@type":"Organization","@id":"https:\/\/www.palazzoscammacca.it\/it\/#organization","name":"Palazzo Scammacca del Murgo","url":"https:\/\/www.palazzoscammacca.it\/it\/","logo":{"@type":"ImageObject","inLanguage":"it-IT","@id":"https:\/\/www.palazzoscammacca.it\/it\/#\/schema\/logo\/image\/","url":"https:\/\/www.palazzoscammacca.it\/wp-content\/uploads\/2022\/10\/logo-murgo.jpg","contentUrl":"https:\/\/www.palazzoscammacca.it\/wp-content\/uploads\/2022\/10\/logo-murgo.jpg","width":400,"height":380,"caption":"Palazzo Scammacca del Murgo"},"image":{"@id":"https:\/\/www.palazzoscammacca.it\/it\/#\/schema\/logo\/image\/"}},{"@type":"Person","@id":"https:\/\/www.palazzoscammacca.it\/it\/#\/schema\/person\/68cc1ca480e75e015b92b08a072c0d50","name":"Palazzo Scammacca","sameAs":["https:\/\/www.palazzoscammacca.it"],"url":"https:\/\/www.palazzoscammacca.it\/it\/author\/palazzo\/"}]}},"_links":{"self":[{"href":"https:\/\/www.palazzoscammacca.it\/it\/wp-json\/wp\/v2\/posts\/10834","targetHints":{"allow":["GET"]}}],"collection":[{"href":"https:\/\/www.palazzoscammacca.it\/it\/wp-json\/wp\/v2\/posts"}],"about":[{"href":"https:\/\/www.palazzoscammacca.it\/it\/wp-json\/wp\/v2\/types\/post"}],"author":[{"embeddable":true,"href":"https:\/\/www.palazzoscammacca.it\/it\/wp-json\/wp\/v2\/users\/2"}],"replies":[{"embeddable":true,"href":"https:\/\/www.palazzoscammacca.it\/it\/wp-json\/wp\/v2\/comments?post=10834"}],"version-history":[{"count":2,"href":"https:\/\/www.palazzoscammacca.it\/it\/wp-json\/wp\/v2\/posts\/10834\/revisions"}],"predecessor-version":[{"id":10863,"href":"https:\/\/www.palazzoscammacca.it\/it\/wp-json\/wp\/v2\/posts\/10834\/revisions\/10863"}],"wp:featuredmedia":[{"embeddable":true,"href":"https:\/\/www.palazzoscammacca.it\/it\/wp-json\/wp\/v2\/media\/10864"}],"wp:attachment":[{"href":"https:\/\/www.palazzoscammacca.it\/it\/wp-json\/wp\/v2\/media?parent=10834"}],"wp:term":[{"taxonomy":"category","embeddable":true,"href":"https:\/\/www.palazzoscammacca.it\/it\/wp-json\/wp\/v2\/categories?post=10834"},{"taxonomy":"post_tag","embeddable":true,"href":"https:\/\/www.palazzoscammacca.it\/it\/wp-json\/wp\/v2\/tags?post=10834"}],"curies":[{"name":"wp","href":"https:\/\/api.w.org\/{rel}","templated":true}]}}